{"id":917,"date":"2016-05-19T07:16:26","date_gmt":"2016-05-19T06:16:26","guid":{"rendered":"https:\/\/www.moutard.de\/wordpress\/?p=917"},"modified":"2016-05-25T07:30:09","modified_gmt":"2016-05-25T06:30:09","slug":"tina-reloaded","status":"publish","type":"post","link":"https:\/\/www.moutard.de\/wordpress\/tina-reloaded\/","title":{"rendered":"TINA reloaded"},"content":{"rendered":"<p><a href=\"https:\/\/www.moutard.de\/wordpress\/wp-content\/uploads\/2016\/05\/TINA.jpg\"><img loading=\"lazy\" decoding=\"async\" src=\"https:\/\/www.moutard.de\/wordpress\/wp-content\/uploads\/2016\/05\/TINA-300x158.jpg\" alt=\"TINA\" width=\"300\" height=\"158\" class=\"alignright size-medium wp-image-925\" srcset=\"https:\/\/www.moutard.de\/wordpress\/wp-content\/uploads\/2016\/05\/TINA-300x158.jpg 300w, https:\/\/www.moutard.de\/wordpress\/wp-content\/uploads\/2016\/05\/TINA-660x347.jpg 660w, https:\/\/www.moutard.de\/wordpress\/wp-content\/uploads\/2016\/05\/TINA.jpg 667w\" sizes=\"auto, (max-width: 300px) 100vw, 300px\" \/><\/a>Im Kielwasser der B\u00f6hmermann-Aff\u00e4re findet sich ein bemerkenswerter Satz der Bundeskanzlerin, der bisher meines Wissens nirgends kritisch gew\u00fcrdigt wurde. Deshalb jetzt hier.<!--more--><\/p>\n<p>Ich finde die Aussage im Netz\u00a0nicht mehr, aber ich erinnere mich umso besser. Nach der Begr\u00fcndung f\u00fcr die Erm\u00e4chtigung an die Staatsanwaltschaft K\u00f6ln,\u00a0Ermittlungen gegen B\u00f6hmermann anzustellen, entschuldigt sie sich irgendwo daf\u00fcr, das Gedicht als &#8222;bewusst verletzend&#8220; bezeichnet zu haben, und das wurde allenthalben gelobt. Aber die Begr\u00fcndung f\u00fcr die Entschuldigung hat es in sich: &#8222;Ich habe den Eindruck erweckt, als h\u00e4tte meine Meinung zu irgendetwas irgendeine Bedeutung, und das tut mir leid.&#8220;<\/p>\n<p>WTF. Das ist TINA in Reinkultur. Merkel hat keinerlei Meinung zu gar nichts, sondern tut nur, was die Sachzw\u00e4nge gebieten.<\/p>\n<p>W\u00e4re es da nicht besser, wir w\u00fcrden einen Algorithmus schreiben, der unsere Republik regiert?<\/p>\n","protected":false},"excerpt":{"rendered":"<p>Im Kielwasser der B\u00f6hmermann-Aff\u00e4re findet sich ein bemerkenswerter Satz der Bundeskanzlerin, der bisher meines Wissens nirgends kritisch gew\u00fcrdigt wurde. Deshalb jetzt hier.<\/p>\n","protected":false},"author":1,"featured_media":925,"comment_status":"open","ping_status":"open","sticky":false,"template":"","format":"standard","meta":{"footnotes":""},"categories":[5,54,6],"tags":[],"class_list":["post-917","post","type-post","status-publish","format-standard","has-post-thumbnail","hentry","category-politik","category-satire","category-sprachkritik"],"_links":{"self":[{"href":"https:\/\/www.moutard.de\/wordpress\/wp-json\/wp\/v2\/posts\/917","targetHints":{"allow":["GET"]}}],"collection":[{"href":"https:\/\/www.moutard.de\/wordpress\/wp-json\/wp\/v2\/posts"}],"about":[{"href":"https:\/\/www.moutard.de\/wordpress\/wp-json\/wp\/v2\/types\/post"}],"author":[{"embeddable":true,"href":"https:\/\/www.moutard.de\/wordpress\/wp-json\/wp\/v2\/users\/1"}],"replies":[{"embeddable":true,"href":"https:\/\/www.moutard.de\/wordpress\/wp-json\/wp\/v2\/comments?post=917"}],"version-history":[{"count":4,"href":"https:\/\/www.moutard.de\/wordpress\/wp-json\/wp\/v2\/posts\/917\/revisions"}],"predecessor-version":[{"id":926,"href":"https:\/\/www.moutard.de\/wordpress\/wp-json\/wp\/v2\/posts\/917\/revisions\/926"}],"wp:featuredmedia":[{"embeddable":true,"href":"https:\/\/www.moutard.de\/wordpress\/wp-json\/wp\/v2\/media\/925"}],"wp:attachment":[{"href":"https:\/\/www.moutard.de\/wordpress\/wp-json\/wp\/v2\/media?parent=917"}],"wp:term":[{"taxonomy":"category","embeddable":true,"href":"https:\/\/www.moutard.de\/wordpress\/wp-json\/wp\/v2\/categories?post=917"},{"taxonomy":"post_tag","embeddable":true,"href":"https:\/\/www.moutard.de\/wordpress\/wp-json\/wp\/v2\/tags?post=917"}],"curies":[{"name":"wp","href":"https:\/\/api.w.org\/{rel}","templated":true}]}}