{"id":1352,"date":"2017-06-17T09:12:00","date_gmt":"2017-06-17T08:12:00","guid":{"rendered":"https:\/\/www.moutard.de\/wordpress\/?p=1352"},"modified":"2017-06-17T09:14:31","modified_gmt":"2017-06-17T08:14:31","slug":"helmut-kohl-hoch-und-heiliggesprochen","status":"publish","type":"post","link":"https:\/\/www.moutard.de\/wordpress\/helmut-kohl-hoch-und-heiliggesprochen\/","title":{"rendered":"Helmut Kohl hoch- und heiliggesprochen"},"content":{"rendered":"<p>Wie der Vatikan vorab mitteilte, wird Helmut Kohl am 3. Oktober 2017 hoch- und heiliggesprochen. Die Pressereaktionen auf seinen Tod und die Lobhudeleien der Weggef\u00e4hrten lie\u00dfen keinen anderen Schluss zu, als dass der Riese aus Oggersheim der Wiederg\u00e4nger eines l\u00e4ngst verschollen geglaubten Heiligen gewesen sei.<!--more--> Man durchforsche derzeit die Archive des Vatikans, um den Vorg\u00e4nger ausfindig zu machen. Auf jeden Fall aber m\u00fcsse jemand, der so gro\u00df, so breit, so wichtig, so trinkfest, so deutsch, so europ\u00e4isch, so CDU-haft, so ehrenw\u00f6rtlerisch, so flink mit der Zunge, so fest im H\u00e4ndedruck, so buddhaesk, so m\u00e4chtig, so langlebig, so \u00fcbermenschlich, so entscheidend f\u00fcr Ludwigshafen, Deutschland, Europa, die Welt gewesen sei &#8230; auf jeden Fall m\u00fcsse so einer als Hochheiliger mit allem katholischen Brimborium gew\u00fcrdigt werden: Das habe Papst Franziskus auf ausdr\u00fcckliche Empfehlung des Ex-Papstes Karl Ratzinger entschieden.<\/p>\n<p><a href=\"https:\/\/www.moutard.de\/wordpress\/wp-content\/uploads\/2017\/06\/hkohl.jpg\"><img loading=\"lazy\" decoding=\"async\" src=\"https:\/\/www.moutard.de\/wordpress\/wp-content\/uploads\/2017\/06\/hkohl.jpg\" alt=\"\" width=\"520\" height=\"293\" class=\"alignnone size-full wp-image-1353\" srcset=\"https:\/\/www.moutard.de\/wordpress\/wp-content\/uploads\/2017\/06\/hkohl.jpg 520w, https:\/\/www.moutard.de\/wordpress\/wp-content\/uploads\/2017\/06\/hkohl-300x169.jpg 300w\" sizes=\"auto, (max-width: 520px) 100vw, 520px\" \/><\/a><\/p>\n","protected":false},"excerpt":{"rendered":"<p>Wie der Vatikan vorab mitteilte, wird Helmut Kohl am 3. Oktober 2017 hoch- und heiliggesprochen. Die Pressereaktionen auf seinen Tod und die Lobhudeleien der Weggef\u00e4hrten [&#8230;]<\/p>\n","protected":false},"author":1,"featured_media":1353,"comment_status":"open","ping_status":"open","sticky":false,"template":"","format":"standard","meta":{"footnotes":""},"categories":[1,5,54],"tags":[],"class_list":["post-1352","post","type-post","status-publish","format-standard","has-post-thumbnail","hentry","category-allgemein","category-politik","category-satire"],"_links":{"self":[{"href":"https:\/\/www.moutard.de\/wordpress\/wp-json\/wp\/v2\/posts\/1352","targetHints":{"allow":["GET"]}}],"collection":[{"href":"https:\/\/www.moutard.de\/wordpress\/wp-json\/wp\/v2\/posts"}],"about":[{"href":"https:\/\/www.moutard.de\/wordpress\/wp-json\/wp\/v2\/types\/post"}],"author":[{"embeddable":true,"href":"https:\/\/www.moutard.de\/wordpress\/wp-json\/wp\/v2\/users\/1"}],"replies":[{"embeddable":true,"href":"https:\/\/www.moutard.de\/wordpress\/wp-json\/wp\/v2\/comments?post=1352"}],"version-history":[{"count":3,"href":"https:\/\/www.moutard.de\/wordpress\/wp-json\/wp\/v2\/posts\/1352\/revisions"}],"predecessor-version":[{"id":1356,"href":"https:\/\/www.moutard.de\/wordpress\/wp-json\/wp\/v2\/posts\/1352\/revisions\/1356"}],"wp:featuredmedia":[{"embeddable":true,"href":"https:\/\/www.moutard.de\/wordpress\/wp-json\/wp\/v2\/media\/1353"}],"wp:attachment":[{"href":"https:\/\/www.moutard.de\/wordpress\/wp-json\/wp\/v2\/media?parent=1352"}],"wp:term":[{"taxonomy":"category","embeddable":true,"href":"https:\/\/www.moutard.de\/wordpress\/wp-json\/wp\/v2\/categories?post=1352"},{"taxonomy":"post_tag","embeddable":true,"href":"https:\/\/www.moutard.de\/wordpress\/wp-json\/wp\/v2\/tags?post=1352"}],"curies":[{"name":"wp","href":"https:\/\/api.w.org\/{rel}","templated":true}]}}